{"id":137,"date":"2023-12-13T13:15:28","date_gmt":"2023-12-13T13:15:28","guid":{"rendered":"https:\/\/www.camarabadajoz.es\/hubdigital\/?p=137"},"modified":"2023-12-13T13:15:28","modified_gmt":"2023-12-13T13:15:28","slug":"taller-coworking-hub-digital-como-utilizar-capcut-para-la-creacion-de-videos-para-redes-sociales","status":"publish","type":"post","link":"https:\/\/www.camarabadajoz.es\/hubdigital\/taller-coworking-hub-digital-como-utilizar-capcut-para-la-creacion-de-videos-para-redes-sociales\/","title":{"rendered":"Taller Coworking Hub\/Digital: C\u00f3mo utilizar Capcut para la creaci\u00f3n de videos para redes sociales"},"content":{"rendered":"\n<p><em>Aprenderemos c\u00f3mo Capcut, una herramienta de edici\u00f3n de video m\u00f3vil, puede ser usada para crear contenido atractivo y profesional para redes sociales.<\/em><\/p>\n\n\n\n<p><\/p>\n\n\n\n<h2 class=\"wp-block-heading has-white-color has-vivid-red-background-color has-text-color has-background has-link-color wp-elements-8b582fa8cb93b7db0ba83e5eb1540bff\">OBJETIVOS<\/h2>\n\n\n\n<p><\/p>\n\n\n\n<p>\u2022\u00a0\u00a0 \u00a0Dominar las funciones b\u00e1sicas y avanzadas de Capcut.<br>\u2022\u00a0\u00a0 \u00a0Crear contenido de video atractivo y adecuado para diferentes plataformas de redes sociales.<br>\u2022\u00a0\u00a0 \u00a0Desarrollar habilidades de edici\u00f3n de video que potencien la estrategia de contenido.<\/p>\n\n\n\n<p><\/p>\n\n\n\n<h2 class=\"wp-block-heading has-white-color has-vivid-red-background-color has-text-color has-background has-link-color wp-elements-98fb84e07733f790e47ce24323dcf9d4\">CONTENIDOS<\/h2>\n\n\n\n<p><\/p>\n\n\n\n<p>\u2022\u00a0\u00a0 \u00a0Interfaz y herramientas de Capcut: cortes, transiciones, efectos y textos.<br>\u2022\u00a0\u00a0 \u00a0Principios de edici\u00f3n de video para mantener el engagement en redes sociales.<br>\u2022\u00a0\u00a0 \u00a0Formatos y especificaciones de video para plataformas como Instagram, TikTok y Facebook.<\/p>\n\n\n\n<p><\/p>\n\n\n\n<h2 class=\"wp-block-heading has-white-color has-vivid-red-background-color has-text-color has-background has-link-color wp-elements-cd461716be618e4d3047a70c295dca3a\">LUGAR DE IMPARTICI\u00d3N<\/h2>\n\n\n\n<p><br>\u2022&nbsp;&nbsp;&nbsp;&nbsp;Presencial (VIVERO DE EMPRESAS NAVE4 Pol. Industrial El Nevero (Ampliaci\u00f3n) \u2013 Calles ocho-quince. 06006 Badajoz).<\/p>\n\n\n\n<p>\u2022&nbsp;&nbsp;&nbsp;&nbsp;On-line a trav\u00e9s de la plataforma Zoom (Una vez realizada la inscripci\u00f3n, se remitir\u00e1 v\u00eda correo electr\u00f3nico en enlace de conexi\u00f3n).<\/p>\n\n\n\n<p><br><strong><u>HERRAMIENTAS PR\u00c1CTICAS<\/u><\/strong><\/p>\n\n\n\n<p>\u2022&nbsp;&nbsp; &nbsp;Tutoriales paso a paso para funciones espec\u00edficas de Capcut.<\/p>\n\n\n\n<p><br>\u2022&nbsp;&nbsp; &nbsp;Checklist de publicaci\u00f3n de videos para redes sociales.<\/p>\n\n\n\n<p><em>Acci\u00f3n enmarcada en el Proyecto Coworking Hub\/Digital \u00abNave 4 puntocero\u00bb (681675184377) cofinanciado en un 80% por el FEDER dentro del Programa Operativo Plurirregional 2014-2020 &#8211; Eje 3: Mejorar la Competitividad de las peque\u00f1as y medianas empresas, y la prioridad de inversi\u00f3n 3\u00aa Fomento del esp\u00edritu empresarial, en particular, facilitando la explotaci\u00f3n econ\u00f3mica de nuevas ideas, y promoviendo la creaci\u00f3n de nuevas empresas, tambi\u00e9n mediante viveros.<\/em><\/p>\n","protected":false},"excerpt":{"rendered":"<p>Aprenderemos c\u00f3mo Capcut, una herramienta de edici\u00f3n de video m\u00f3vil, puede ser usada para crear contenido atractivo y profesional para redes sociales. OBJETIVOS \u2022\u00a0\u00a0 \u00a0Dominar las funciones b\u00e1sicas y avanzadas&#8230;<\/p>\n","protected":false},"author":1,"featured_media":138,"comment_status":"closed","ping_status":"closed","sticky":false,"template":"","format":"standard","meta":{"footnotes":""},"categories":[4],"tags":[],"class_list":{"0":"post-137","1":"post","2":"type-post","3":"status-publish","4":"format-standard","5":"has-post-thumbnail","7":"category-talleres"},"_links":{"self":[{"href":"https:\/\/www.camarabadajoz.es\/hubdigital\/wp-json\/wp\/v2\/posts\/137","targetHints":{"allow":["GET"]}}],"collection":[{"href":"https:\/\/www.camarabadajoz.es\/hubdigital\/wp-json\/wp\/v2\/posts"}],"about":[{"href":"https:\/\/www.camarabadajoz.es\/hubdigital\/wp-json\/wp\/v2\/types\/post"}],"author":[{"embeddable":true,"href":"https:\/\/www.camarabadajoz.es\/hubdigital\/wp-json\/wp\/v2\/users\/1"}],"replies":[{"embeddable":true,"href":"https:\/\/www.camarabadajoz.es\/hubdigital\/wp-json\/wp\/v2\/comments?post=137"}],"version-history":[{"count":1,"href":"https:\/\/www.camarabadajoz.es\/hubdigital\/wp-json\/wp\/v2\/posts\/137\/revisions"}],"predecessor-version":[{"id":139,"href":"https:\/\/www.camarabadajoz.es\/hubdigital\/wp-json\/wp\/v2\/posts\/137\/revisions\/139"}],"wp:featuredmedia":[{"embeddable":true,"href":"https:\/\/www.camarabadajoz.es\/hubdigital\/wp-json\/wp\/v2\/media\/138"}],"wp:attachment":[{"href":"https:\/\/www.camarabadajoz.es\/hubdigital\/wp-json\/wp\/v2\/media?parent=137"}],"wp:term":[{"taxonomy":"category","embeddable":true,"href":"https:\/\/www.camarabadajoz.es\/hubdigital\/wp-json\/wp\/v2\/categories?post=137"},{"taxonomy":"post_tag","embeddable":true,"href":"https:\/\/www.camarabadajoz.es\/hubdigital\/wp-json\/wp\/v2\/tags?post=137"}],"curies":[{"name":"wp","href":"https:\/\/api.w.org\/{rel}","templated":true}]}}